{"id":1556,"date":"2020-12-03T16:49:39","date_gmt":"2020-12-03T19:49:39","guid":{"rendered":"http:\/\/acglobaltravel.com\/site\/?p=1556"},"modified":"2020-12-18T16:56:24","modified_gmt":"2020-12-18T19:56:24","slug":"mobilidade-corporativa-por-que-contratar-para-minha-empresa","status":"publish","type":"post","link":"https:\/\/acglobaltravel.com\/agenciamaritima\/mobilidade-corporativa-por-que-contratar-para-minha-empresa\/","title":{"rendered":"MOBILIDADE CORPORATIVA \u2013 POR QU\u00ca CONTRATAR PARA MINHA EMPRESA?"},"content":{"rendered":"\n<p>Seus funcion\u00e1rios chegam irritados, cansados ou at\u00e9 sem disposi\u00e7\u00e3o para o trabalho? Tudo isso, pode est\u00e1 acontecendo por uma simples raz\u00e3o! Transporte para a empresa. Eles enfrentam filas gigantescas nos terminais, \u00f4nibus lotados, isso quando tamb\u00e9m acontecem as \u00b4famosas\u00b4 greves sem notifica\u00e7\u00e3o alguma. E aqueles colaboradores que dirigem seus pr\u00f3prios ve\u00edculos que tamb\u00e9m sofrem com o stress di\u00e1rio das estradas e ficam agonizando o tr\u00e2nsito. E tamb\u00e9m tem aqueles funcion\u00e1rios que chegam ao estado e precisam realizar o translado do aeroporto para a empresa ou hotel.<\/p>\n\n\n\n<p>J\u00e1 pensou como ficam esses colaboradores?! Contrate j\u00e1 nossa empresa e saiba abaixo as vantagens que isso pode oferecer a sua empresa:<\/p>\n\n\n\n<p>Sua empresa pode contratar nossos servi\u00e7os para transportar diariamente seus colaboradores, garantindo o bem-estar de todos. Assim, seus funcion\u00e1rios poder\u00e3o se sentar confortavelmente e aproveitar o trajeto para ler, navegar na internet ou at\u00e9 tirar aquele cochilo.<\/p>\n\n\n\n<p>Nossa frota \u00e9 completa por ve\u00edculos e vans executivas, micro-\u00f4nibus e \u00f4nibus e tamb\u00e9m disponibilizamos de ve\u00edculos blindados.<\/p>\n\n\n\n<p>Outra grande vantagem de contratar esse tipo de servi\u00e7o conosco \u00e9 o aumento do descanso. Sabe porque? Apesar dos funcion\u00e1rios estarem nos ve\u00edculos como passageiros, eles n\u00e3o est\u00e3o dirigindo, ou em p\u00e9 num \u00f4nibus lotado e, consequentemente, n\u00e3o sofre diretamente o estresse dos congestionamentos, ficando mais disposto e produtivo para suas func\u00f5es na empresa.<\/p>\n\n\n\n<p>Mas nossa empresa n\u00e3o se limita somente \u00e0 isso. Podemos realizar os transfers que acontecem devido \u00e0 visitas de seus clientes ou at\u00e9 diretores que venham de outros estados ou pa\u00edses. Aqueles traslados espor\u00e1dicos sabe\u2026<\/p>\n\n\n\n<p>Ent\u00e3o n\u00e3o perca mais tempo e saiba como contratar nossos servi\u00e7os e tamb\u00e9m descubra a vantagem de contratar nossa frota. Terceiriza\u00e7\u00e3o de frota com motoristas tamb\u00e9m realizamos e isso economicamente falando, garante \u00e0 sua empresa, uma redu\u00e7\u00e3o de custos enorme.<\/p>\n\n\n\n<p>Para contratar nossos servi\u00e7os, basta enviar um e-mail para:&nbsp;<a href=\"mailto:comercial@acexecutivetravel.com.br\">comercial@acexecutivetravel.com.br<\/a>&nbsp;ou atrav\u00e9s dos n\u00fameros: +55 (27) 3141 2009 \/ 3059 2009.<\/p>\n\n\n\n<p>Nosso website:&nbsp;<a href=\"http:\/\/www.acexecutivetravel.com.br\/\">www.acexecutivetravel.com.br<\/a><\/p>\n\n\n\n<p>Lembre \u2013 se: Mobilidade Corportaiva em Vit\u00f3ria \u00e9 com AC Executive Travel!<\/p>\n","protected":false},"excerpt":{"rendered":"<p>Seus funcion\u00e1rios chegam irritados, cansados ou at\u00e9 sem disposi\u00e7\u00e3o para o trabalho? Tudo isso, pode est\u00e1 acontecendo por uma simples raz\u00e3o! Transporte para a empresa. Eles enfrentam filas gigantescas nos terminais, \u00f4nibus lotados, isso quando tamb\u00e9m acontecem as \u00b4famosas\u00b4 greves sem notifica\u00e7\u00e3o alguma. E aqueles colaboradores que dirigem seus pr\u00f3prios ve\u00edculos que tamb\u00e9m sofrem com [&hellip;]<\/p>\n","protected":false},"author":1,"featured_media":1557,"comment_status":"open","ping_status":"open","sticky":false,"template":"","format":"standard","meta":{"footnotes":""},"categories":[1],"tags":[],"_links":{"self":[{"href":"https:\/\/acglobaltravel.com\/agenciamaritima\/wp-json\/wp\/v2\/posts\/1556"}],"collection":[{"href":"https:\/\/acglobaltravel.com\/agenciamaritima\/wp-json\/wp\/v2\/posts"}],"about":[{"href":"https:\/\/acglobaltravel.com\/agenciamaritima\/wp-json\/wp\/v2\/types\/post"}],"author":[{"embeddable":true,"href":"https:\/\/acglobaltravel.com\/agenciamaritima\/wp-json\/wp\/v2\/users\/1"}],"replies":[{"embeddable":true,"href":"https:\/\/acglobaltravel.com\/agenciamaritima\/wp-json\/wp\/v2\/comments?post=1556"}],"version-history":[{"count":1,"href":"https:\/\/acglobaltravel.com\/agenciamaritima\/wp-json\/wp\/v2\/posts\/1556\/revisions"}],"predecessor-version":[{"id":1558,"href":"https:\/\/acglobaltravel.com\/agenciamaritima\/wp-json\/wp\/v2\/posts\/1556\/revisions\/1558"}],"wp:featuredmedia":[{"embeddable":true,"href":"https:\/\/acglobaltravel.com\/agenciamaritima\/wp-json\/wp\/v2\/media\/1557"}],"wp:attachment":[{"href":"https:\/\/acglobaltravel.com\/agenciamaritima\/wp-json\/wp\/v2\/media?parent=1556"}],"wp:term":[{"taxonomy":"category","embeddable":true,"href":"https:\/\/acglobaltravel.com\/agenciamaritima\/wp-json\/wp\/v2\/categories?post=1556"},{"taxonomy":"post_tag","embeddable":true,"href":"https:\/\/acglobaltravel.com\/agenciamaritima\/wp-json\/wp\/v2\/tags?post=1556"}],"curies":[{"name":"wp","href":"https:\/\/api.w.org\/{rel}","templated":true}]}}